{"id":966,"date":"2015-07-02T16:55:19","date_gmt":"2015-07-02T16:55:19","guid":{"rendered":"http:\/\/kpdi.pl\/deutsch\/?p=966"},"modified":"2018-05-08T06:09:30","modified_gmt":"2018-05-08T06:09:30","slug":"odpowiedzialnosc-czlonkow-zarzadu-za-zobowiazania-spolki-299","status":"publish","type":"post","link":"https:\/\/kpdi.pl\/deutsch\/blog\/2015\/07\/02\/odpowiedzialnosc-czlonkow-zarzadu-za-zobowiazania-spolki-299\/","title":{"rendered":"Osobista odpowiedzialno\u015b\u0107 cz\u0142onk\u00f3w zarz\u0105du za zobowi\u0105zania sp\u00f3\u0142ki z ograniczon\u0105 odpowiedzialno\u015bci\u0105 (cz\u0119\u015b\u0107 I)"},"content":{"rendered":"<div class=\"fusion-fullwidth fullwidth-box fusion-builder-row-1 hundred-percent-fullwidth non-hundred-percent-height-scrolling\" style=\"background-color: rgba(255,255,255,0);background-position: center center;background-repeat: no-repeat;padding-top:0px;padding-right:0px;padding-bottom:0px;padding-left:0px;margin-bottom: 0px;margin-top: 0px;border-width: 0px 0px 0px 0px;border-color:#eae9e9;border-style:solid;\" ><div class=\"fusion-builder-row fusion-row\"><div class=\"fusion-layout-column fusion_builder_column fusion-builder-column-0 fusion_builder_column_1_1 1_1 fusion-one-full fusion-column-first fusion-column-last fusion-column-no-min-height\" style=\"margin-top:0px;margin-bottom:0px;\"><div class=\"fusion-column-wrapper fusion-flex-column-wrapper-legacy\" style=\"background-position:left top;background-repeat:no-repeat;-webkit-background-size:cover;-moz-background-size:cover;-o-background-size:cover;background-size:cover;padding: 0px 0px 0px 0px;\"><div class=\"fusion-text fusion-text-1\"><p>Artyku\u0142 ten rozpoczyna cykl trzech artyku\u0142\u00f3w po\u015bwi\u0119conych om\u00f3wieniu podstawowych zasad osobistej odpowiedzialno\u015bci cz\u0142onk\u00f3w zarz\u0105du za zobowi\u0105zania sp\u00f3\u0142ki z o.o. Pierwsza cz\u0119\u015b\u0107 dotyczy\u0107 b\u0119dzie przes\u0142anek odpowiedzialno\u015bci oraz jej zakresu. W drugim artykule zostanie przybli\u017cona mo\u017cliwo\u015b\u0107 zwolnienia si\u0119 cz\u0142onka zarz\u0105du z odpowiedzialno\u015bci za zobowi\u0105zania sp\u00f3\u0142ki z o.o. Z kolei trzecia i ostatnia cz\u0119\u015b\u0107 b\u0119dzie mia\u0142a na celu om\u00f3wienie odpowiedzialno\u015bci cz\u0142onk\u00f3w zarz\u0105du za zobowi\u0105zania podatkowe sp\u00f3\u0142ek w \u015bwietle art. 116 Ordynacji podatkowej.<\/p>\n<p><strong>\u00a0<\/strong><\/p>\n<p><strong>Zasada<\/strong><\/p>\n<p>Zgodnie z tre\u015bci\u0105 art. 299 k.s.h., w przypadku gdy egzekucja przeciwko sp\u00f3\u0142ce oka\u017ce si\u0119 bezskuteczna, cz\u0142onkowie zarz\u0105du odpowiadaj\u0105 solidarnie za jej zobowi\u0105zania.<\/p>\n<p>W orzecznictwie S\u0105du Najwy\u017cszego od lat panuje rozbie\u017cno\u015b\u0107 co do okre\u015blenia charakteru odpowiedzialno\u015bci z art. 299 k.s.h., sprowadzaj\u0105ca si\u0119 do pr\u00f3by odpowiedzi na pytanie, czy jest to odpowiedzialno\u015b\u0107 gwarancyjna, czy odszkodowawcza.<\/p>\n<p>Nie jest celem niniejszego artyku\u0142u opowiadanie si\u0119 za jedn\u0105 z powy\u017cszych koncepcji. Istotne jest jednak, i\u017c odpowiedzialno\u015b\u0107 cz\u0142onk\u00f3w zarz\u0105du sp\u00f3\u0142ki z o.o. ma charakter \u201ezast\u0119pczy\u201d w stosunku do odpowiedzialno\u015bci, jak\u0105 ponosi sp\u00f3\u0142ka za swoje zobowi\u0105zania. W sytuacji nieposiadania przez sp\u00f3\u0142k\u0119 z o.o. wystarczaj\u0105cych \u015brodk\u00f3w na sp\u0142at\u0119 zobowi\u0105za\u0144, art. 299 k.s.h. umo\u017cliwia wierzycielowi wyst\u0105pienie z roszczeniem wobec cz\u0142onka zarz\u0105du.<\/p>\n<p><strong>\u00a0<\/strong><\/p>\n<p>Rozwi\u0105zanie to stanowi wyj\u0105tek od zasady, \u017ce za zobowi\u0105zania sp\u00f3\u0142ki kapita\u0142owej, jako osoby prawnej, odpowiada sama sp\u00f3\u0142ka. Taka subsydiarna odpowiedzialno\u015b\u0107 mened\u017cer\u00f3w jest charakterystyczna dla sp\u00f3\u0142ek z o.o. nie tylko w ramach systemu prawa polskiego.<\/p>\n<p><strong>\u00a0<\/strong><\/p>\n<p>Roszczenie z art. 299 k.s.h. nale\u017cy traktowa\u0107 jako ostateczne zabezpieczenie roszcze\u0144 wierzycieli przeciwko sp\u00f3\u0142ce. Orzecznictwo wskazuje wr\u0119cz, i\u017c odpowiedzialno\u015b\u0107 z art. 299 k.s.h. jest sankcj\u0105 za kierowanie przez zarz\u0105d sprawami sp\u00f3\u0142ki w spos\u00f3b niekorzystny dla wierzycieli, kt\u00f3ry doprowadzi\u0142 do bezskuteczno\u015bci egzekucji jej zobowi\u0105za\u0144.<\/p>\n<p><strong>\u00a0<\/strong><\/p>\n<p><strong>Bezskuteczno\u015b\u0107 egzekucji.<\/strong><\/p>\n<p>Podstawow\u0105 przes\u0142ank\u0105 odpowiedzialno\u015bci jest bezskuteczno\u015b\u0107 egzekucji z maj\u0105tku sp\u00f3\u0142ki.<\/p>\n<p>Oznacza ona w praktyce przede wszystkim, \u017ce nie dosz\u0142o do zaspokojenia roszcze\u0144 wierzyciela w post\u0119powania wszcz\u0119tym i prowadzonym wed\u0142ug przepis\u00f3w kodeksu post\u0119powania cywilnego o post\u0119powaniu egzekucyjnym. Nie ma przy tym potrzeby wykazywania, \u017ce wierzyciel wykorzysta\u0142 wszelkie sposoby egzekucji, bo wystarczy wykazanie bezskuteczno\u015bci zaspokojenia przy wykorzystaniu jednego z nich. O bezskuteczno\u015bci egzekucji mo\u017ce wi\u0119c \u015bwiadczy\u0107 postanowienie komornika o umorzeniu egzekucji ze wzgl\u0119du na jej bezskuteczno\u015b\u0107.<\/p>\n<p>Ustawa jednak nie nakazuje wykazywania tej przes\u0142anki w formie okre\u015blonego dokumentu urz\u0119dowego. Ustalenie przes\u0142anki bezskuteczno\u015bci egzekucji mo\u017ce nast\u0105pi\u0107 na podstawie ka\u017cdego dowodu wskazuj\u0105cego, \u017ce sp\u00f3\u0142ka nie ma maj\u0105tku, kt\u00f3ry pozwala\u0142by na zaspokojenie wierzyciela. W doktrynie panuje zgodno\u015b\u0107, i\u017c w przypadkach oczywistego braku maj\u0105tku sp\u00f3\u0142ki, wierzyciel nie musi wyst\u0119powa\u0107 z wnioskiem egzekucyjnym. Za wystarczaj\u0105ce nale\u017cy uzna\u0107 m.in. uzyskanie wykazu wskazuj\u0105cego na nadmiar zobowi\u0105za\u0144 nad maj\u0105tkiem d\u0142u\u017cnika w post\u0119powaniu o wyjawienie maj\u0105tku d\u0142u\u017cnika, czy te\u017c postanowienie s\u0105du o oddaleniu wniosku o og\u0142oszenie upad\u0142o\u015bci z tego powodu, \u017ce maj\u0105tek sp\u00f3\u0142ki nie wystarcza nawet na koszty post\u0119powania.<\/p>\n<p>Warto podkre\u015bli\u0107, i\u017c bezskuteczno\u015b\u0107 ta musi zachowa\u0107 aktualno\u015b\u0107 w dniu wydania orzeczenia przez S\u0105d. Je\u015bli po pierwotnym stwierdzeniu bezskutecznej egzekucji oka\u017ce si\u0119, \u017ce wierzyciel mo\u017ce jednak uzyska\u0107 zaspokojenie od sp\u00f3\u0142ki, nale\u017cy odm\u00f3wi\u0107 mu prawa do \u017c\u0105dania zaspokojenia z maj\u0105tku cz\u0142onk\u00f3w zarz\u0105du sp\u00f3\u0142ki.<\/p>\n<p><strong>Zakres odpowiedzialno\u015bci<\/strong><\/p>\n<p>W przypadku bezskuteczno\u015bci egzekucji, cz\u0142onkowie zarz\u0105du odpowiadaj\u0105 za zobowi\u0105zania sp\u00f3\u0142ki ca\u0142ym swoim osobistym maj\u0105tkiem, tera\u017aniejszym jak i przysz\u0142ym.<\/p>\n<p>Odpowiedzialno\u015b\u0107 cz\u0142onk\u00f3w zarz\u0105du sp\u00f3\u0142ki z o.o. opr\u00f3cz charakteru osobistego i subsydiarnego, jest r\u00f3wnie\u017c odpowiedzialno\u015bci\u0105 solidarn\u0105, co oznacza, \u017ce wszyscy odpowiadaj\u0105 za ca\u0142y d\u0142ug. Wierzyciel mo\u017ce wi\u0119c wybra\u0107, z maj\u0105tku kt\u00f3rego lub kt\u00f3rych cz\u0142onk\u00f3w zarz\u0105du, i w jakiej wysoko\u015bci, dokona zaspokojenia swych roszcze\u0144. Cz\u0142onkom zarz\u0105du, kt\u00f3rych maj\u0105tek podlega egzekucji, przys\u0142uguje w stosunku do pozosta\u0142ych roszczenie regresowe, co prawo domagania si\u0119 na drodze s\u0105dowej zwrotu poniesionych nale\u017cno\u015bci od pozosta\u0142ych zobowi\u0105zanych. Nadto, w przypadku gdy cz\u0142onek zarz\u0105du pozostaje w ma\u0142\u017ce\u0144skiej maj\u0105tkowej wsp\u00f3lno\u015bci ustawowej wierzyciele mog\u0105 rozci\u0105gn\u0105\u0107 zakres odpowiedzialno\u015bci na przedmioty obj\u0119te wsp\u00f3lno\u015bci\u0105 ustawow\u0105 ma\u0142\u017ce\u0144sk\u0105.<\/p>\n<p><strong>Ramy czasowe odpowiedzialno\u015bci.<\/strong><\/p>\n<p>Cz\u0142onek zarz\u0105du z dniem powo\u0142ania go do organu podlega odpowiedzialno\u015bci za zobowi\u0105zania sp\u00f3\u0142ki z o.o. a\u017c do dnia, w kt\u00f3rym przestanie by\u0107 cz\u0142onkiem tego organu (odwo\u0142anie, rezygnacja, itp.). Nie ma znaczenia data zg\u0142oszenia tego faktu do rejestru s\u0105dowego. Jednak\u017ce, w razie wyst\u0105pienia zdarze\u0144 uniemo\u017cliwiaj\u0105cych wykonywanie obowi\u0105zk\u00f3w cz\u0142onka zarz\u0105du nie b\u0119dzie on ponosi\u0142 odpowiedzialno\u015bci.<\/p>\n<p>Kontrowersyjna wydaje si\u0119 teza jednego z orzecze\u0144 S\u0105du Najwy\u017cszego, zgodnie z kt\u00f3rym, odwo\u0142anie cz\u0142onka zarz\u0105du sp\u00f3\u0142ki z ograniczon\u0105 odpowiedzialno\u015bci\u0105, nie ujawnione w rejestrze handlowym, nie zwalnia go od odpowiedzialno\u015bci wynikaj\u0105cej z art. 299 k.s.h. Jest to o tyle dyskusyjne, i\u017c odwo\u0142any cz\u0142onek zarz\u0105du po pierwsze przestaje spe\u0142nia\u0107 podstawow\u0105 przes\u0142ank\u0119 \u2013 \u201ebycia\u201d cz\u0142onkiem zarz\u0105du, a po drugie &#8211; nie ma on mo\u017cliwo\u015bci z\u0142o\u017cenia skutecznego wniosku o \u201ewykre\u015blenie si\u0119\u201d z KRS. Ustanie odpowiedzialno\u015bci uzale\u017cnione by\u0142oby wi\u0119c od dzia\u0142ania os\u00f3b trzecich.<\/p>\n<p>Warto te\u017c wskaza\u0107 na stanowisko S\u0105du Najwy\u017cszego zmierzaj\u0105ce do ograniczenia bardzo restrykcyjnie uregulowanej mo\u017cliwo\u015bci dochodzenia roszcze\u0144 od cz\u0142onka zarz\u0105du. I tak S\u0105d Najwy\u017cszy stwierdzi\u0142 m.in., i\u017c art. 299 k.s.h. nie uprawnia do dochodzenia szkody w przypadku, gdy roszczenia wynikaj\u0105 ze zobowi\u0105za\u0144 zaci\u0105gni\u0119tych przez poprzedni zarz\u0105d. Prowadzi\u0142oby to do sytuacji, w kt\u00f3rej skuteczno\u015b\u0107 z\u0142o\u017cenia pozwu uzale\u017cniona by\u0142a od tego by ta sama osoba zaci\u0105gn\u0119\u0142a zobowi\u0105zanie i by\u0142a nadal cz\u0142onkiem zarz\u0105du w chwili bezskuteczno\u015bci egzekucji. Taka interpretacja prowadzi\u0107 mog\u0142aby do faktycznego zmarginalizowania roli przepisu art. 299 k.s.h.<\/p>\n<p><strong>Podsumowanie<\/strong><\/p>\n<p>Aby powo\u0142ywa\u0107 si\u0119 na odpowiedzialno\u015b\u0107 cz\u0142onka zarz\u0105du za zobowi\u0105zania zarz\u0105dzanej sp\u00f3\u0142ki z zasady wystarczy, by wierzyciel wykaza\u0142 istnienie swojego zobowi\u0105zania wobec sp\u00f3\u0142ki oraz bezskuteczno\u015b\u0107 egzekucji z jej maj\u0105tku. Swoisty automatyzm odpowiedzialno\u015bci powoduje, i\u017c art. 299 k.s.h. stanowi\u0107 mo\u017ce skuteczny or\u0119\u017c w r\u0119kach wierzyciela. Dlatego tak istotne z perspektywy cz\u0142onka zarz\u0105du jest umiej\u0119tne wykorzystanie sposob\u00f3w obrony przed roszczeniami wierzycieli. Tej tematyce zostanie po\u015bwi\u0119cony kolejny artyku\u0142 z cyklu, kt\u00f3ry uka\u017ce si\u0119 za tydzie\u0144 (18.01.2010).<\/p>\n<\/div><div class=\"fusion-clearfix\"><\/div><\/div><\/div><\/div><style type=\"text\/css\">.fusion-fullwidth.fusion-builder-row-1 { overflow:visible; }<\/style><\/div>\n","protected":false},"excerpt":{"rendered":"","protected":false},"author":1,"featured_media":0,"comment_status":"open","ping_status":"open","sticky":false,"template":"","format":"standard","meta":{"_exactmetrics_skip_tracking":false,"_exactmetrics_sitenote_active":false,"_exactmetrics_sitenote_note":"","_exactmetrics_sitenote_category":0,"footnotes":""},"categories":[2,3,4,6],"tags":[9,12,14],"class_list":["post-966","post","type-post","status-publish","format-standard","hentry","category-acquisitions","category-financial","category-governments","category-taxes","tag-financial","tag-international","tag-taxes"],"yoast_head":"<!-- This site is optimized with the Yoast SEO plugin v27.5 - https:\/\/yoast.com\/product\/yoast-seo-wordpress\/ -->\n<title>Osobista odpowiedzialno\u015b\u0107 cz\u0142onk\u00f3w zarz\u0105du za zobowi\u0105zania sp\u00f3\u0142ki z ograniczon\u0105 odpowiedzialno\u015bci\u0105 (cz\u0119\u015b\u0107 I) - KPDI DE<\/title>\n<meta name=\"robots\" content=\"index, follow, max-snippet:-1, max-image-preview:large, max-video-preview:-1\" \/>\n<link rel=\"canonical\" href=\"https:\/\/kpdi.pl\/deutsch\/blog\/2015\/07\/02\/odpowiedzialnosc-czlonkow-zarzadu-za-zobowiazania-spolki-299\/\" \/>\n<meta property=\"og:locale\" content=\"de_DE\" \/>\n<meta property=\"og:type\" content=\"article\" \/>\n<meta property=\"og:title\" content=\"Osobista odpowiedzialno\u015b\u0107 cz\u0142onk\u00f3w zarz\u0105du za zobowi\u0105zania sp\u00f3\u0142ki z ograniczon\u0105 odpowiedzialno\u015bci\u0105 (cz\u0119\u015b\u0107 I) - KPDI DE\" \/>\n<meta property=\"og:url\" content=\"https:\/\/kpdi.pl\/deutsch\/blog\/2015\/07\/02\/odpowiedzialnosc-czlonkow-zarzadu-za-zobowiazania-spolki-299\/\" \/>\n<meta property=\"og:site_name\" content=\"KPDI DE\" \/>\n<meta property=\"article:published_time\" content=\"2015-07-02T16:55:19+00:00\" \/>\n<meta property=\"article:modified_time\" content=\"2018-05-08T06:09:30+00:00\" \/>\n<meta name=\"author\" content=\"admin\" \/>\n<meta name=\"twitter:card\" content=\"summary_large_image\" \/>\n<meta name=\"twitter:label1\" content=\"Verfasst von\" \/>\n\t<meta name=\"twitter:data1\" content=\"admin\" \/>\n\t<meta name=\"twitter:label2\" content=\"Gesch\u00e4tzte Lesezeit\" \/>\n\t<meta name=\"twitter:data2\" content=\"6\u00a0Minuten\" \/>\n<script type=\"application\/ld+json\" class=\"yoast-schema-graph\">{\"@context\":\"https:\\\/\\\/schema.org\",\"@graph\":[{\"@type\":\"Article\",\"@id\":\"https:\\\/\\\/kpdi.pl\\\/deutsch\\\/blog\\\/2015\\\/07\\\/02\\\/odpowiedzialnosc-czlonkow-zarzadu-za-zobowiazania-spolki-299\\\/#article\",\"isPartOf\":{\"@id\":\"https:\\\/\\\/kpdi.pl\\\/deutsch\\\/blog\\\/2015\\\/07\\\/02\\\/odpowiedzialnosc-czlonkow-zarzadu-za-zobowiazania-spolki-299\\\/\"},\"author\":{\"name\":\"admin\",\"@id\":\"https:\\\/\\\/kpdi.pl\\\/deutsch\\\/#\\\/schema\\\/person\\\/0c7034aae897157862e4244c82e3ca05\"},\"headline\":\"Osobista odpowiedzialno\u015b\u0107 cz\u0142onk\u00f3w zarz\u0105du za zobowi\u0105zania sp\u00f3\u0142ki z ograniczon\u0105 odpowiedzialno\u015bci\u0105 (cz\u0119\u015b\u0107 I)\",\"datePublished\":\"2015-07-02T16:55:19+00:00\",\"dateModified\":\"2018-05-08T06:09:30+00:00\",\"mainEntityOfPage\":{\"@id\":\"https:\\\/\\\/kpdi.pl\\\/deutsch\\\/blog\\\/2015\\\/07\\\/02\\\/odpowiedzialnosc-czlonkow-zarzadu-za-zobowiazania-spolki-299\\\/\"},\"wordCount\":1287,\"commentCount\":0,\"keywords\":[\"Financial\",\"International\",\"Taxes\"],\"articleSection\":[\"Acquisitions\",\"Financial\",\"Governments\",\"Taxes\"],\"inLanguage\":\"de\",\"potentialAction\":[{\"@type\":\"CommentAction\",\"name\":\"Comment\",\"target\":[\"https:\\\/\\\/kpdi.pl\\\/deutsch\\\/blog\\\/2015\\\/07\\\/02\\\/odpowiedzialnosc-czlonkow-zarzadu-za-zobowiazania-spolki-299\\\/#respond\"]}]},{\"@type\":\"WebPage\",\"@id\":\"https:\\\/\\\/kpdi.pl\\\/deutsch\\\/blog\\\/2015\\\/07\\\/02\\\/odpowiedzialnosc-czlonkow-zarzadu-za-zobowiazania-spolki-299\\\/\",\"url\":\"https:\\\/\\\/kpdi.pl\\\/deutsch\\\/blog\\\/2015\\\/07\\\/02\\\/odpowiedzialnosc-czlonkow-zarzadu-za-zobowiazania-spolki-299\\\/\",\"name\":\"Osobista odpowiedzialno\u015b\u0107 cz\u0142onk\u00f3w zarz\u0105du za zobowi\u0105zania sp\u00f3\u0142ki z ograniczon\u0105 odpowiedzialno\u015bci\u0105 (cz\u0119\u015b\u0107 I) - KPDI DE\",\"isPartOf\":{\"@id\":\"https:\\\/\\\/kpdi.pl\\\/deutsch\\\/#website\"},\"datePublished\":\"2015-07-02T16:55:19+00:00\",\"dateModified\":\"2018-05-08T06:09:30+00:00\",\"author\":{\"@id\":\"https:\\\/\\\/kpdi.pl\\\/deutsch\\\/#\\\/schema\\\/person\\\/0c7034aae897157862e4244c82e3ca05\"},\"breadcrumb\":{\"@id\":\"https:\\\/\\\/kpdi.pl\\\/deutsch\\\/blog\\\/2015\\\/07\\\/02\\\/odpowiedzialnosc-czlonkow-zarzadu-za-zobowiazania-spolki-299\\\/#breadcrumb\"},\"inLanguage\":\"de\",\"potentialAction\":[{\"@type\":\"ReadAction\",\"target\":[\"https:\\\/\\\/kpdi.pl\\\/deutsch\\\/blog\\\/2015\\\/07\\\/02\\\/odpowiedzialnosc-czlonkow-zarzadu-za-zobowiazania-spolki-299\\\/\"]}]},{\"@type\":\"BreadcrumbList\",\"@id\":\"https:\\\/\\\/kpdi.pl\\\/deutsch\\\/blog\\\/2015\\\/07\\\/02\\\/odpowiedzialnosc-czlonkow-zarzadu-za-zobowiazania-spolki-299\\\/#breadcrumb\",\"itemListElement\":[{\"@type\":\"ListItem\",\"position\":1,\"name\":\"Strona g\u0142\u00f3wna\",\"item\":\"https:\\\/\\\/kpdi.pl\\\/deutsch\\\/\"},{\"@type\":\"ListItem\",\"position\":2,\"name\":\"Osobista odpowiedzialno\u015b\u0107 cz\u0142onk\u00f3w zarz\u0105du za zobowi\u0105zania sp\u00f3\u0142ki z ograniczon\u0105 odpowiedzialno\u015bci\u0105 (cz\u0119\u015b\u0107 I)\"}]},{\"@type\":\"WebSite\",\"@id\":\"https:\\\/\\\/kpdi.pl\\\/deutsch\\\/#website\",\"url\":\"https:\\\/\\\/kpdi.pl\\\/deutsch\\\/\",\"name\":\"KPDI DE\",\"description\":\"Kancelaria Prawna Gda\u0144sk, obs\u0142uga prawna przedsi\u0119biorstw\",\"potentialAction\":[{\"@type\":\"SearchAction\",\"target\":{\"@type\":\"EntryPoint\",\"urlTemplate\":\"https:\\\/\\\/kpdi.pl\\\/deutsch\\\/?s={search_term_string}\"},\"query-input\":{\"@type\":\"PropertyValueSpecification\",\"valueRequired\":true,\"valueName\":\"search_term_string\"}}],\"inLanguage\":\"de\"},{\"@type\":\"Person\",\"@id\":\"https:\\\/\\\/kpdi.pl\\\/deutsch\\\/#\\\/schema\\\/person\\\/0c7034aae897157862e4244c82e3ca05\",\"name\":\"admin\",\"image\":{\"@type\":\"ImageObject\",\"inLanguage\":\"de\",\"@id\":\"https:\\\/\\\/secure.gravatar.com\\\/avatar\\\/0f7d1b7923be2b89131cf446691a39766cf00bc4c097c3cf00a3e8482628d27e?s=96&d=mm&r=g\",\"url\":\"https:\\\/\\\/secure.gravatar.com\\\/avatar\\\/0f7d1b7923be2b89131cf446691a39766cf00bc4c097c3cf00a3e8482628d27e?s=96&d=mm&r=g\",\"contentUrl\":\"https:\\\/\\\/secure.gravatar.com\\\/avatar\\\/0f7d1b7923be2b89131cf446691a39766cf00bc4c097c3cf00a3e8482628d27e?s=96&d=mm&r=g\",\"caption\":\"admin\"},\"url\":\"https:\\\/\\\/kpdi.pl\\\/deutsch\\\/blog\\\/author\\\/admin\\\/\"}]}<\/script>\n<!-- \/ Yoast SEO plugin. -->","yoast_head_json":{"title":"Osobista odpowiedzialno\u015b\u0107 cz\u0142onk\u00f3w zarz\u0105du za zobowi\u0105zania sp\u00f3\u0142ki z ograniczon\u0105 odpowiedzialno\u015bci\u0105 (cz\u0119\u015b\u0107 I) - KPDI DE","robots":{"index":"index","follow":"follow","max-snippet":"max-snippet:-1","max-image-preview":"max-image-preview:large","max-video-preview":"max-video-preview:-1"},"canonical":"https:\/\/kpdi.pl\/deutsch\/blog\/2015\/07\/02\/odpowiedzialnosc-czlonkow-zarzadu-za-zobowiazania-spolki-299\/","og_locale":"de_DE","og_type":"article","og_title":"Osobista odpowiedzialno\u015b\u0107 cz\u0142onk\u00f3w zarz\u0105du za zobowi\u0105zania sp\u00f3\u0142ki z ograniczon\u0105 odpowiedzialno\u015bci\u0105 (cz\u0119\u015b\u0107 I) - KPDI DE","og_url":"https:\/\/kpdi.pl\/deutsch\/blog\/2015\/07\/02\/odpowiedzialnosc-czlonkow-zarzadu-za-zobowiazania-spolki-299\/","og_site_name":"KPDI DE","article_published_time":"2015-07-02T16:55:19+00:00","article_modified_time":"2018-05-08T06:09:30+00:00","author":"admin","twitter_card":"summary_large_image","twitter_misc":{"Verfasst von":"admin","Gesch\u00e4tzte Lesezeit":"6\u00a0Minuten"},"schema":{"@context":"https:\/\/schema.org","@graph":[{"@type":"Article","@id":"https:\/\/kpdi.pl\/deutsch\/blog\/2015\/07\/02\/odpowiedzialnosc-czlonkow-zarzadu-za-zobowiazania-spolki-299\/#article","isPartOf":{"@id":"https:\/\/kpdi.pl\/deutsch\/blog\/2015\/07\/02\/odpowiedzialnosc-czlonkow-zarzadu-za-zobowiazania-spolki-299\/"},"author":{"name":"admin","@id":"https:\/\/kpdi.pl\/deutsch\/#\/schema\/person\/0c7034aae897157862e4244c82e3ca05"},"headline":"Osobista odpowiedzialno\u015b\u0107 cz\u0142onk\u00f3w zarz\u0105du za zobowi\u0105zania sp\u00f3\u0142ki z ograniczon\u0105 odpowiedzialno\u015bci\u0105 (cz\u0119\u015b\u0107 I)","datePublished":"2015-07-02T16:55:19+00:00","dateModified":"2018-05-08T06:09:30+00:00","mainEntityOfPage":{"@id":"https:\/\/kpdi.pl\/deutsch\/blog\/2015\/07\/02\/odpowiedzialnosc-czlonkow-zarzadu-za-zobowiazania-spolki-299\/"},"wordCount":1287,"commentCount":0,"keywords":["Financial","International","Taxes"],"articleSection":["Acquisitions","Financial","Governments","Taxes"],"inLanguage":"de","potentialAction":[{"@type":"CommentAction","name":"Comment","target":["https:\/\/kpdi.pl\/deutsch\/blog\/2015\/07\/02\/odpowiedzialnosc-czlonkow-zarzadu-za-zobowiazania-spolki-299\/#respond"]}]},{"@type":"WebPage","@id":"https:\/\/kpdi.pl\/deutsch\/blog\/2015\/07\/02\/odpowiedzialnosc-czlonkow-zarzadu-za-zobowiazania-spolki-299\/","url":"https:\/\/kpdi.pl\/deutsch\/blog\/2015\/07\/02\/odpowiedzialnosc-czlonkow-zarzadu-za-zobowiazania-spolki-299\/","name":"Osobista odpowiedzialno\u015b\u0107 cz\u0142onk\u00f3w zarz\u0105du za zobowi\u0105zania sp\u00f3\u0142ki z ograniczon\u0105 odpowiedzialno\u015bci\u0105 (cz\u0119\u015b\u0107 I) - KPDI DE","isPartOf":{"@id":"https:\/\/kpdi.pl\/deutsch\/#website"},"datePublished":"2015-07-02T16:55:19+00:00","dateModified":"2018-05-08T06:09:30+00:00","author":{"@id":"https:\/\/kpdi.pl\/deutsch\/#\/schema\/person\/0c7034aae897157862e4244c82e3ca05"},"breadcrumb":{"@id":"https:\/\/kpdi.pl\/deutsch\/blog\/2015\/07\/02\/odpowiedzialnosc-czlonkow-zarzadu-za-zobowiazania-spolki-299\/#breadcrumb"},"inLanguage":"de","potentialAction":[{"@type":"ReadAction","target":["https:\/\/kpdi.pl\/deutsch\/blog\/2015\/07\/02\/odpowiedzialnosc-czlonkow-zarzadu-za-zobowiazania-spolki-299\/"]}]},{"@type":"BreadcrumbList","@id":"https:\/\/kpdi.pl\/deutsch\/blog\/2015\/07\/02\/odpowiedzialnosc-czlonkow-zarzadu-za-zobowiazania-spolki-299\/#breadcrumb","itemListElement":[{"@type":"ListItem","position":1,"name":"Strona g\u0142\u00f3wna","item":"https:\/\/kpdi.pl\/deutsch\/"},{"@type":"ListItem","position":2,"name":"Osobista odpowiedzialno\u015b\u0107 cz\u0142onk\u00f3w zarz\u0105du za zobowi\u0105zania sp\u00f3\u0142ki z ograniczon\u0105 odpowiedzialno\u015bci\u0105 (cz\u0119\u015b\u0107 I)"}]},{"@type":"WebSite","@id":"https:\/\/kpdi.pl\/deutsch\/#website","url":"https:\/\/kpdi.pl\/deutsch\/","name":"KPDI DE","description":"Kancelaria Prawna Gda\u0144sk, obs\u0142uga prawna przedsi\u0119biorstw","potentialAction":[{"@type":"SearchAction","target":{"@type":"EntryPoint","urlTemplate":"https:\/\/kpdi.pl\/deutsch\/?s={search_term_string}"},"query-input":{"@type":"PropertyValueSpecification","valueRequired":true,"valueName":"search_term_string"}}],"inLanguage":"de"},{"@type":"Person","@id":"https:\/\/kpdi.pl\/deutsch\/#\/schema\/person\/0c7034aae897157862e4244c82e3ca05","name":"admin","image":{"@type":"ImageObject","inLanguage":"de","@id":"https:\/\/secure.gravatar.com\/avatar\/0f7d1b7923be2b89131cf446691a39766cf00bc4c097c3cf00a3e8482628d27e?s=96&d=mm&r=g","url":"https:\/\/secure.gravatar.com\/avatar\/0f7d1b7923be2b89131cf446691a39766cf00bc4c097c3cf00a3e8482628d27e?s=96&d=mm&r=g","contentUrl":"https:\/\/secure.gravatar.com\/avatar\/0f7d1b7923be2b89131cf446691a39766cf00bc4c097c3cf00a3e8482628d27e?s=96&d=mm&r=g","caption":"admin"},"url":"https:\/\/kpdi.pl\/deutsch\/blog\/author\/admin\/"}]}},"_links":{"self":[{"href":"https:\/\/kpdi.pl\/deutsch\/wp-json\/wp\/v2\/posts\/966","targetHints":{"allow":["GET"]}}],"collection":[{"href":"https:\/\/kpdi.pl\/deutsch\/wp-json\/wp\/v2\/posts"}],"about":[{"href":"https:\/\/kpdi.pl\/deutsch\/wp-json\/wp\/v2\/types\/post"}],"author":[{"embeddable":true,"href":"https:\/\/kpdi.pl\/deutsch\/wp-json\/wp\/v2\/users\/1"}],"replies":[{"embeddable":true,"href":"https:\/\/kpdi.pl\/deutsch\/wp-json\/wp\/v2\/comments?post=966"}],"version-history":[{"count":1,"href":"https:\/\/kpdi.pl\/deutsch\/wp-json\/wp\/v2\/posts\/966\/revisions"}],"predecessor-version":[{"id":1831,"href":"https:\/\/kpdi.pl\/deutsch\/wp-json\/wp\/v2\/posts\/966\/revisions\/1831"}],"wp:attachment":[{"href":"https:\/\/kpdi.pl\/deutsch\/wp-json\/wp\/v2\/media?parent=966"}],"wp:term":[{"taxonomy":"category","embeddable":true,"href":"https:\/\/kpdi.pl\/deutsch\/wp-json\/wp\/v2\/categories?post=966"},{"taxonomy":"post_tag","embeddable":true,"href":"https:\/\/kpdi.pl\/deutsch\/wp-json\/wp\/v2\/tags?post=966"}],"curies":[{"name":"wp","href":"https:\/\/api.w.org\/{rel}","templated":true}]}}