{"id":933,"date":"2015-07-02T16:09:29","date_gmt":"2015-07-02T16:09:29","guid":{"rendered":"http:\/\/kpdi.pl\/english\/?p=933"},"modified":"2018-05-04T12:11:28","modified_gmt":"2018-05-04T12:11:28","slug":"niezlozenie-sprawozdania-finansowego","status":"publish","type":"post","link":"https:\/\/kpdi.pl\/english\/blog\/2015\/07\/02\/niezlozenie-sprawozdania-finansowego\/","title":{"rendered":"Niez\u0142o\u017cenie sprawozdania finansowego \u2013 k\u0142opotliwe przest\u0119pstwo."},"content":{"rendered":"<div class=\"fusion-fullwidth fullwidth-box fusion-builder-row-1 hundred-percent-fullwidth non-hundred-percent-height-scrolling\" style=\"background-color: rgba(255,255,255,0);background-position: center center;background-repeat: no-repeat;padding-top:0px;padding-right:0px;padding-bottom:0px;padding-left:0px;margin-bottom: 0px;margin-top: 0px;border-width: 0px 0px 0px 0px;border-color:#eae9e9;border-style:solid;\" ><div class=\"fusion-builder-row fusion-row\"><div class=\"fusion-layout-column fusion_builder_column fusion-builder-column-0 fusion_builder_column_1_1 1_1 fusion-one-full fusion-column-first fusion-column-last fusion-column-no-min-height\" style=\"margin-top:0px;margin-bottom:0px;\"><div class=\"fusion-column-wrapper fusion-flex-column-wrapper-legacy\" style=\"background-position:left top;background-repeat:no-repeat;-webkit-background-size:cover;-moz-background-size:cover;-o-background-size:cover;background-size:cover;padding: 0px 0px 0px 0px;\"><div class=\"fusion-text fusion-text-1\"><p><strong>Niez\u0142o\u017cenie sprawozdania finansowego &#8211; pok\u0142osie afer Amber Gold.<\/strong><\/p>\n<p>Brak informacji o stanie finans\u00f3w Amber Gold unaoczni\u0142 znaczenie nale\u017cytej realizacji obowi\u0105zku corocznej publikacji sprawozda\u0144 finansowych. Mimo ewidentnych problem\u00f3w z p\u0142ynno\u015bci\u0105 tego \u201eparabanku\u201d, brak danych finansowych uniemo\u017cliwia odpowied\u017a na pytanie, czy spe\u0142nia on przes\u0142ank\u0119 do og\u0142oszenia upad\u0142o\u015bci, wynikaj\u0105c\u0105 z niedoboru warto\u015bci maj\u0105tku w stosunku do sumy zobowi\u0105za\u0144. W efekcie zarz\u0105d m\u00f3g\u0142 przez d\u0142ugi czas kierowa\u0107 sp\u00f3\u0142k\u0105, nawet gdyby od dawna by\u0142a ona finansowym bankrutem.<\/p>\n<h3><strong>Ustawa o rachunkowo\u015bci &#8211; obowi\u0105zki sprawozdawcze<\/strong><\/h3>\n<p>Ustawa o rachunkowo\u015bci (\u201eUstawa\u201d) reguluje obowi\u0105zki w zakresie sk\u0142adania sprawozda\u0144 finansowych w Krajowym Rejestrze S\u0105dowym (\u201eKRS\u201d) oraz ich publikacji w Monitorze Polskim B (\u201eMPB\u201d). Zarz\u0105d sp\u00f3\u0142ki obowi\u0105zany jest zapewni\u0107 sporz\u0105dzenie rocznego sprawozdania finansowego i przed\u0142o\u017cy\u0107 je do zatwierdzenia przez zgromadzenie wsp\u00f3lnik\u00f3w. Nast\u0119pnie Zarz\u0105d ma 15 dni na jego z\u0142o\u017cenie do KRS i publikacj\u0119 w MPB. Zarz\u0105d nie mo\u017ce te\u017c zas\u0142oni\u0107 si\u0119 bezczynno\u015bci\u0105 w\u0142a\u015bciciela, jako \u017ce ustawa wprowadza te\u017c obowi\u0105zek z\u0142o\u017cenia niezatwierdzonego sprawozdania. W przypadku zarz\u0105du wieloosobowego, odpowiedzialno\u015b\u0107 za realizacj\u0119 powy\u017cszych obowi\u0105zk\u00f3w ci\u0105\u017cy indywidualnie na wszystkich jego cz\u0142onkach. Z\u0142o\u017cenie sprawozdania odnotowywane jest w KRS w odpowiedniej rubryce, a jego tre\u015b\u0107 jest jawna. W ten spos\u00f3b ka\u017cdy mo\u017ce zapozna\u0107 si\u0119 ze stanem finans\u00f3w sp\u00f3\u0142ki na dzie\u0144 bilansowy, kt\u00f3ry w zdecydowanej wi\u0119kszo\u015bci sp\u00f3\u0142ek przypada na koniec roku kalendarzowego.<\/p>\n<h3><strong>Przest\u0119pstwo<\/strong><\/h3>\n<p>Niez\u0142o\u017cenie sprawozdania finansowego do akt rejestrowych, a tak\u017ce zaniechanie jego og\u0142oszenia stanowi\u0105 przest\u0119pstwa uregulowanie w art. 79 pkt 3) i 4) Ustawy. Polegaj\u0105 one na bezczynno\u015bci zarz\u0105du w obliczu ustawowo na\u0142o\u017conych obowi\u0105zk\u00f3w. Stwierdzenie tej bezczynno\u015bci jest \u0142atwe, szczeg\u00f3lnie w obliczu powszechnej dost\u0119pno\u015bci do rejestr\u00f3w KRS i publikacji MPB. Nie mo\u017ce wi\u0119c dziwi\u0107, i\u017c w ostatnim czasie warszawska Policja zosta\u0142a wr\u0119cz zasypana tego rodzaju sprawami. Wskutek zawiadomienia dokonanego przez S\u0105d Gospodarczy, Prokuratura Rejonowa nadzoruje obecnie oko\u0142o dwudziestu tysi\u0119cy takich spraw.<\/p>\n<h3><strong>Nie tak \u0142atwo doprowadzi\u0107 do skazania<\/strong><\/h3>\n<p>O ile jednak stwierdzenie niez\u0142o\u017cenia, czy braku publikacji sprawozda\u0144 jest do\u015b\u0107 \u0142atwe, o tyle ju\u017c doprowadzenie do skazania os\u00f3b ujawnionych w KRS jako cz\u0142onkowie zarz\u0105du nie musi by\u0107 ju\u017c takie oczywiste. Z wpisem w KRS wi\u0105\u017ce si\u0119 co prawda domniemanie prawdziwo\u015bci ujawnionych danych, jest ono jednak wzruszalne. Oznacza to \u017ce osoba ujawniona w KRS mo\u017ce wszelkimi metodami dowodzi\u0107, i\u017c w dniu w kt\u00f3rym powsta\u0142 obowi\u0105zek z\u0142o\u017cenia lub publikacji sprawozda\u0144 nie by\u0142a (ju\u017c) cz\u0142onkiem zarz\u0105du sp\u00f3\u0142ki. Wystarcza to do uniewinnienia od pope\u0142nienia omawianych czyn\u00f3w. Spo\u015br\u00f3d szeregu sytuacji, om\u00f3wi\u0107 warto kilka podstawowych, z kt\u00f3rymi wi\u0105\u017ce si\u0119 utrata mandatu do pe\u0142nienia funkcji cz\u0142onka zarz\u0105du.<\/p>\n<h3><strong>Zbawienne skutki wyga\u015bni\u0119cia mandatu<\/strong><\/h3>\n<p>Na pierwszy plan wysuwa si\u0119 problem kadencyjno\u015bci zarz\u0105du w przypadku sp\u00f3\u0142ki z o.o. i wskazane w art. 202 \u00a7 1 i \u00a7 2 ksh przypadki wyga\u015bni\u0119cia mandatu z mocy prawa. I tak, je\u017celi umowa sp\u00f3\u0142ki nie stanowi inaczej, mandat cz\u0142onka zarz\u0105du wygasa z dniem odbycia zgromadzenia wsp\u00f3lnik\u00f3w zatwierdzaj\u0105cego sprawozdanie finansowe za pierwszy pe\u0142ny rok obrotowy pe\u0142nienia funkcji cz\u0142onka zarz\u0105du. Gdy wi\u0119c Wsp\u00f3lnicy wyra\u017anie nie postanowi\u0105 w umowie sp\u00f3\u0142ki o innej ni\u017c roczna d\u0142ugo\u015bci pierwszej kadencji cz\u0142onka zarz\u0105du, traci on automatycznie mandat w dniu wskazanym w art. 202 \u00a7 1 ksh. Podobnie w przypadku powo\u0142ania cz\u0142onka zarz\u0105du na okres d\u0142u\u017cszy ni\u017c rok &#8211; o ile umowa sp\u00f3\u0142ki stanowi inaczej, mandat taki wygasa z dniem odbycia zgromadzenia wsp\u00f3lnik\u00f3w, zatwierdzaj\u0105cego sprawozdanie finansowe za ostatni pe\u0142ny rok obrotowy pe\u0142nienia funkcji cz\u0142onka zarz\u0105du. Orzecznictwo S\u0105du Najwy\u017cszego stwierdza przy tym jednoznacznie, i\u017c nawet wyra\u017ane powo\u0142anie cz\u0142onka zarz\u0105du przez Zgromadzenie Wsp\u00f3lnik\u00f3w na czas \u201enieokre\u015blony\u201d powoduje wyga\u015bni\u0119cie jego mandatu w przypadku gdy taki okres kadencji nie zosta\u0142 wyra\u017anie okre\u015blony w umowie sp\u00f3\u0142ki.<\/p>\n<p>Mandat cz\u0142onka zarz\u0105du wygasa r\u00f3wnie\u017c wskutek doj\u015bcia do sp\u00f3\u0142ki jednostronnego o\u015bwiadczenia o jego rezygnacji. Rezygnacja nie wymaga przy tym formalnego przyj\u0119cia przez sp\u00f3\u0142k\u0119, ani notyfikacji w KRS. Wpis w zakresie sk\u0142adu organu ma bowiem wy\u0142\u0105cznie charakter deklaratoryjny.<\/p>\n<h3><strong>Odwo\u0142anie z Zarz\u0105du<\/strong><\/h3>\n<p>Sytuacja komplikuje si\u0119 jeszcze bardziej w przypadku odwo\u0142ania zarz\u0105du sp\u00f3\u0142ki w drodze uchwa\u0142y. Nast\u0105pi\u0107 mo\u017ce to w ka\u017cdym czasie, w pewnych przypadkach nawet bez umieszczenia takiego punktu w porz\u0105dku obrad, a uchwa\u0142a skuteczna jest z chwil\u0105 podj\u0119cia. Wa\u017cno\u015b\u0107 uchwa\u0142y nie jest uzale\u017cniona od jej utrwalenia w formie pisemnego protoko\u0142u, czy wpisania do ksi\u0119gi protoko\u0142\u00f3w. Co wi\u0119cej, KSH nie wprowadza \u017cadnego terminu na sporz\u0105dzenie protoko\u0142u, kt\u00f3ry mo\u017ce powsta\u0107 nawet po latach, je\u017celi obrazuje faktycznie podj\u0119te uchwa\u0142y.<\/p>\n<p>Jak wida\u0107 z powy\u017cszego, pozornie oczywiste sprawy mog\u0105 przerodzi\u0107 si\u0119 w d\u0142ugotrwa\u0142e procesy, w kt\u00f3rych zasadnicze znaczenie b\u0119d\u0105 mia\u0142y: ustalenie i cywilnoprawna ocena przez s\u0105d karny zdarze\u0144 z przesz\u0142o\u015bci sp\u00f3\u0142ek. Spodziewa\u0107 nale\u017cy si\u0119 przy tym determinacji oskar\u017conych mened\u017cer\u00f3w w unikni\u0119ciu wpisu ich nazwisk w Krajowym Rejestrze Karnym. Silnym or\u0119\u017cem po ich stronie mog\u0105 okaza\u0107 si\u0119 meandry prawa handlowego. Ustawa wprowadzi\u0142a wi\u0119c przest\u0119pstwo, kt\u00f3re mo\u017ce okaza\u0107 si\u0119 k\u0142opotliwe zar\u00f3wno dla kierownik\u00f3w jednostek organizacyjnych, jak i \u2013 z uwagi na skal\u0119 zjawiska \u2013 organ\u00f3w wymiaru sprawiedliwo\u015bci karnej.<\/p>\n<p>Niez\u0142o\u017cenie sprawozdania finansowego w przepisanym terminie nie zawsze wi\u0119c doprowadzi do skazania cz\u0142onk\u00f3w zarz\u0105du.<\/p>\n<p>Krzysztof Kuczy\u0144ski &#8211; partner w Kancelarii Prawnej Doma\u0144ski i Wsp\u00f3lnicy.<\/p>\n<\/div><div class=\"fusion-clearfix\"><\/div><\/div><\/div><\/div><style type=\"text\/css\">.fusion-fullwidth.fusion-builder-row-1 { overflow:visible; }<\/style><\/div>\n","protected":false},"excerpt":{"rendered":"","protected":false},"author":1,"featured_media":1046,"comment_status":"open","ping_status":"open","sticky":false,"template":"","format":"standard","meta":{"_exactmetrics_skip_tracking":false,"_exactmetrics_sitenote_active":false,"_exactmetrics_sitenote_note":"","_exactmetrics_sitenote_category":0,"footnotes":""},"categories":[3,33],"tags":[35,34,36],"class_list":["post-933","post","type-post","status-publish","format-standard","has-post-thumbnail","hentry","category-financial","category-sprawy-korporacyjne","tag-prawo-karne","tag-ustawa-o-rachunkowosci","tag-zarzad"],"yoast_head":"<!-- This site is optimized with the Yoast SEO plugin v27.5 - https:\/\/yoast.com\/product\/yoast-seo-wordpress\/ -->\n<title>Niez\u0142o\u017cenie sprawozdania finansowego - skutki i obrona<\/title>\n<meta name=\"description\" content=\"Niez\u0142o\u017cenie sprawozdania finansowego w przepisanym terminie mo\u017ce prowadzi\u0107 do istotnych konsekwencji - nawet zako\u0144czy\u0107 si\u0119 wyrokiem karnym. Jak si\u0119 przed nim broni\u0107?\" \/>\n<meta name=\"robots\" content=\"index, follow, max-snippet:-1, max-image-preview:large, max-video-preview:-1\" \/>\n<link rel=\"canonical\" href=\"https:\/\/kpdi.pl\/english\/blog\/2015\/07\/02\/niezlozenie-sprawozdania-finansowego\/\" \/>\n<meta property=\"og:locale\" content=\"en_US\" \/>\n<meta property=\"og:type\" content=\"article\" \/>\n<meta property=\"og:title\" content=\"Niez\u0142o\u017cenie sprawozdania finansowego - skutki i obrona\" \/>\n<meta property=\"og:description\" content=\"Niez\u0142o\u017cenie sprawozdania finansowego w przepisanym terminie mo\u017ce prowadzi\u0107 do istotnych konsekwencji - nawet zako\u0144czy\u0107 si\u0119 wyrokiem karnym. Jak si\u0119 przed nim broni\u0107?\" \/>\n<meta property=\"og:url\" content=\"https:\/\/kpdi.pl\/english\/blog\/2015\/07\/02\/niezlozenie-sprawozdania-finansowego\/\" \/>\n<meta property=\"og:site_name\" content=\"KPDI EN\" \/>\n<meta property=\"article:published_time\" content=\"2015-07-02T16:09:29+00:00\" \/>\n<meta property=\"article:modified_time\" content=\"2018-05-04T12:11:28+00:00\" \/>\n<meta property=\"og:image\" content=\"https:\/\/kpdi.pl\/english\/wp-content\/uploads\/sites\/4\/2015\/07\/law_post_3-compressor.jpg\" \/>\n\t<meta property=\"og:image:width\" content=\"831\" \/>\n\t<meta property=\"og:image:height\" content=\"550\" \/>\n\t<meta property=\"og:image:type\" content=\"image\/jpeg\" \/>\n<meta name=\"author\" content=\"admin\" \/>\n<meta name=\"twitter:card\" content=\"summary_large_image\" \/>\n<meta name=\"twitter:label1\" content=\"Written by\" \/>\n\t<meta name=\"twitter:data1\" content=\"admin\" \/>\n\t<meta name=\"twitter:label2\" content=\"Est. reading time\" \/>\n\t<meta name=\"twitter:data2\" content=\"6 minutes\" \/>\n<script type=\"application\/ld+json\" class=\"yoast-schema-graph\">{\"@context\":\"https:\\\/\\\/schema.org\",\"@graph\":[{\"@type\":\"Article\",\"@id\":\"https:\\\/\\\/kpdi.pl\\\/english\\\/blog\\\/2015\\\/07\\\/02\\\/niezlozenie-sprawozdania-finansowego\\\/#article\",\"isPartOf\":{\"@id\":\"https:\\\/\\\/kpdi.pl\\\/english\\\/blog\\\/2015\\\/07\\\/02\\\/niezlozenie-sprawozdania-finansowego\\\/\"},\"author\":{\"name\":\"admin\",\"@id\":\"https:\\\/\\\/kpdi.pl\\\/english\\\/#\\\/schema\\\/person\\\/0c7034aae897157862e4244c82e3ca05\"},\"headline\":\"Niez\u0142o\u017cenie sprawozdania finansowego \u2013 k\u0142opotliwe przest\u0119pstwo.\",\"datePublished\":\"2015-07-02T16:09:29+00:00\",\"dateModified\":\"2018-05-04T12:11:28+00:00\",\"mainEntityOfPage\":{\"@id\":\"https:\\\/\\\/kpdi.pl\\\/english\\\/blog\\\/2015\\\/07\\\/02\\\/niezlozenie-sprawozdania-finansowego\\\/\"},\"wordCount\":1111,\"commentCount\":0,\"image\":{\"@id\":\"https:\\\/\\\/kpdi.pl\\\/english\\\/blog\\\/2015\\\/07\\\/02\\\/niezlozenie-sprawozdania-finansowego\\\/#primaryimage\"},\"thumbnailUrl\":\"https:\\\/\\\/kpdi.pl\\\/english\\\/wp-content\\\/uploads\\\/sites\\\/4\\\/2015\\\/07\\\/law_post_3-compressor.jpg\",\"keywords\":[\"prawo karne\",\"ustawa o rachunkowo\u015bci\",\"zarz\u0105d\"],\"articleSection\":[\"Financial\",\"sprawy korporacyjne\"],\"inLanguage\":\"en-US\",\"potentialAction\":[{\"@type\":\"CommentAction\",\"name\":\"Comment\",\"target\":[\"https:\\\/\\\/kpdi.pl\\\/english\\\/blog\\\/2015\\\/07\\\/02\\\/niezlozenie-sprawozdania-finansowego\\\/#respond\"]}]},{\"@type\":\"WebPage\",\"@id\":\"https:\\\/\\\/kpdi.pl\\\/english\\\/blog\\\/2015\\\/07\\\/02\\\/niezlozenie-sprawozdania-finansowego\\\/\",\"url\":\"https:\\\/\\\/kpdi.pl\\\/english\\\/blog\\\/2015\\\/07\\\/02\\\/niezlozenie-sprawozdania-finansowego\\\/\",\"name\":\"Niez\u0142o\u017cenie sprawozdania finansowego - skutki i obrona\",\"isPartOf\":{\"@id\":\"https:\\\/\\\/kpdi.pl\\\/english\\\/#website\"},\"primaryImageOfPage\":{\"@id\":\"https:\\\/\\\/kpdi.pl\\\/english\\\/blog\\\/2015\\\/07\\\/02\\\/niezlozenie-sprawozdania-finansowego\\\/#primaryimage\"},\"image\":{\"@id\":\"https:\\\/\\\/kpdi.pl\\\/english\\\/blog\\\/2015\\\/07\\\/02\\\/niezlozenie-sprawozdania-finansowego\\\/#primaryimage\"},\"thumbnailUrl\":\"https:\\\/\\\/kpdi.pl\\\/english\\\/wp-content\\\/uploads\\\/sites\\\/4\\\/2015\\\/07\\\/law_post_3-compressor.jpg\",\"datePublished\":\"2015-07-02T16:09:29+00:00\",\"dateModified\":\"2018-05-04T12:11:28+00:00\",\"author\":{\"@id\":\"https:\\\/\\\/kpdi.pl\\\/english\\\/#\\\/schema\\\/person\\\/0c7034aae897157862e4244c82e3ca05\"},\"description\":\"Niez\u0142o\u017cenie sprawozdania finansowego w przepisanym terminie mo\u017ce prowadzi\u0107 do istotnych konsekwencji - nawet zako\u0144czy\u0107 si\u0119 wyrokiem karnym. Jak si\u0119 przed nim broni\u0107?\",\"breadcrumb\":{\"@id\":\"https:\\\/\\\/kpdi.pl\\\/english\\\/blog\\\/2015\\\/07\\\/02\\\/niezlozenie-sprawozdania-finansowego\\\/#breadcrumb\"},\"inLanguage\":\"en-US\",\"potentialAction\":[{\"@type\":\"ReadAction\",\"target\":[\"https:\\\/\\\/kpdi.pl\\\/english\\\/blog\\\/2015\\\/07\\\/02\\\/niezlozenie-sprawozdania-finansowego\\\/\"]}]},{\"@type\":\"ImageObject\",\"inLanguage\":\"en-US\",\"@id\":\"https:\\\/\\\/kpdi.pl\\\/english\\\/blog\\\/2015\\\/07\\\/02\\\/niezlozenie-sprawozdania-finansowego\\\/#primaryimage\",\"url\":\"https:\\\/\\\/kpdi.pl\\\/english\\\/wp-content\\\/uploads\\\/sites\\\/4\\\/2015\\\/07\\\/law_post_3-compressor.jpg\",\"contentUrl\":\"https:\\\/\\\/kpdi.pl\\\/english\\\/wp-content\\\/uploads\\\/sites\\\/4\\\/2015\\\/07\\\/law_post_3-compressor.jpg\",\"width\":831,\"height\":550},{\"@type\":\"BreadcrumbList\",\"@id\":\"https:\\\/\\\/kpdi.pl\\\/english\\\/blog\\\/2015\\\/07\\\/02\\\/niezlozenie-sprawozdania-finansowego\\\/#breadcrumb\",\"itemListElement\":[{\"@type\":\"ListItem\",\"position\":1,\"name\":\"Strona g\u0142\u00f3wna\",\"item\":\"https:\\\/\\\/kpdi.pl\\\/english\\\/\"},{\"@type\":\"ListItem\",\"position\":2,\"name\":\"Niez\u0142o\u017cenie sprawozdania finansowego \u2013 k\u0142opotliwe przest\u0119pstwo.\"}]},{\"@type\":\"WebSite\",\"@id\":\"https:\\\/\\\/kpdi.pl\\\/english\\\/#website\",\"url\":\"https:\\\/\\\/kpdi.pl\\\/english\\\/\",\"name\":\"KPDI EN\",\"description\":\"KPDI | Law Office Gda\u0144sk\",\"potentialAction\":[{\"@type\":\"SearchAction\",\"target\":{\"@type\":\"EntryPoint\",\"urlTemplate\":\"https:\\\/\\\/kpdi.pl\\\/english\\\/?s={search_term_string}\"},\"query-input\":{\"@type\":\"PropertyValueSpecification\",\"valueRequired\":true,\"valueName\":\"search_term_string\"}}],\"inLanguage\":\"en-US\"},{\"@type\":\"Person\",\"@id\":\"https:\\\/\\\/kpdi.pl\\\/english\\\/#\\\/schema\\\/person\\\/0c7034aae897157862e4244c82e3ca05\",\"name\":\"admin\",\"image\":{\"@type\":\"ImageObject\",\"inLanguage\":\"en-US\",\"@id\":\"https:\\\/\\\/secure.gravatar.com\\\/avatar\\\/0f7d1b7923be2b89131cf446691a39766cf00bc4c097c3cf00a3e8482628d27e?s=96&d=mm&r=g\",\"url\":\"https:\\\/\\\/secure.gravatar.com\\\/avatar\\\/0f7d1b7923be2b89131cf446691a39766cf00bc4c097c3cf00a3e8482628d27e?s=96&d=mm&r=g\",\"contentUrl\":\"https:\\\/\\\/secure.gravatar.com\\\/avatar\\\/0f7d1b7923be2b89131cf446691a39766cf00bc4c097c3cf00a3e8482628d27e?s=96&d=mm&r=g\",\"caption\":\"admin\"},\"url\":\"https:\\\/\\\/kpdi.pl\\\/english\\\/blog\\\/author\\\/admin\\\/\"}]}<\/script>\n<!-- \/ Yoast SEO plugin. -->","yoast_head_json":{"title":"Niez\u0142o\u017cenie sprawozdania finansowego - skutki i obrona","description":"Niez\u0142o\u017cenie sprawozdania finansowego w przepisanym terminie mo\u017ce prowadzi\u0107 do istotnych konsekwencji - nawet zako\u0144czy\u0107 si\u0119 wyrokiem karnym. Jak si\u0119 przed nim broni\u0107?","robots":{"index":"index","follow":"follow","max-snippet":"max-snippet:-1","max-image-preview":"max-image-preview:large","max-video-preview":"max-video-preview:-1"},"canonical":"https:\/\/kpdi.pl\/english\/blog\/2015\/07\/02\/niezlozenie-sprawozdania-finansowego\/","og_locale":"en_US","og_type":"article","og_title":"Niez\u0142o\u017cenie sprawozdania finansowego - skutki i obrona","og_description":"Niez\u0142o\u017cenie sprawozdania finansowego w przepisanym terminie mo\u017ce prowadzi\u0107 do istotnych konsekwencji - nawet zako\u0144czy\u0107 si\u0119 wyrokiem karnym. Jak si\u0119 przed nim broni\u0107?","og_url":"https:\/\/kpdi.pl\/english\/blog\/2015\/07\/02\/niezlozenie-sprawozdania-finansowego\/","og_site_name":"KPDI EN","article_published_time":"2015-07-02T16:09:29+00:00","article_modified_time":"2018-05-04T12:11:28+00:00","og_image":[{"width":831,"height":550,"url":"https:\/\/kpdi.pl\/english\/wp-content\/uploads\/sites\/4\/2015\/07\/law_post_3-compressor.jpg","type":"image\/jpeg"}],"author":"admin","twitter_card":"summary_large_image","twitter_misc":{"Written by":"admin","Est. reading time":"6 minutes"},"schema":{"@context":"https:\/\/schema.org","@graph":[{"@type":"Article","@id":"https:\/\/kpdi.pl\/english\/blog\/2015\/07\/02\/niezlozenie-sprawozdania-finansowego\/#article","isPartOf":{"@id":"https:\/\/kpdi.pl\/english\/blog\/2015\/07\/02\/niezlozenie-sprawozdania-finansowego\/"},"author":{"name":"admin","@id":"https:\/\/kpdi.pl\/english\/#\/schema\/person\/0c7034aae897157862e4244c82e3ca05"},"headline":"Niez\u0142o\u017cenie sprawozdania finansowego \u2013 k\u0142opotliwe przest\u0119pstwo.","datePublished":"2015-07-02T16:09:29+00:00","dateModified":"2018-05-04T12:11:28+00:00","mainEntityOfPage":{"@id":"https:\/\/kpdi.pl\/english\/blog\/2015\/07\/02\/niezlozenie-sprawozdania-finansowego\/"},"wordCount":1111,"commentCount":0,"image":{"@id":"https:\/\/kpdi.pl\/english\/blog\/2015\/07\/02\/niezlozenie-sprawozdania-finansowego\/#primaryimage"},"thumbnailUrl":"https:\/\/kpdi.pl\/english\/wp-content\/uploads\/sites\/4\/2015\/07\/law_post_3-compressor.jpg","keywords":["prawo karne","ustawa o rachunkowo\u015bci","zarz\u0105d"],"articleSection":["Financial","sprawy korporacyjne"],"inLanguage":"en-US","potentialAction":[{"@type":"CommentAction","name":"Comment","target":["https:\/\/kpdi.pl\/english\/blog\/2015\/07\/02\/niezlozenie-sprawozdania-finansowego\/#respond"]}]},{"@type":"WebPage","@id":"https:\/\/kpdi.pl\/english\/blog\/2015\/07\/02\/niezlozenie-sprawozdania-finansowego\/","url":"https:\/\/kpdi.pl\/english\/blog\/2015\/07\/02\/niezlozenie-sprawozdania-finansowego\/","name":"Niez\u0142o\u017cenie sprawozdania finansowego - skutki i obrona","isPartOf":{"@id":"https:\/\/kpdi.pl\/english\/#website"},"primaryImageOfPage":{"@id":"https:\/\/kpdi.pl\/english\/blog\/2015\/07\/02\/niezlozenie-sprawozdania-finansowego\/#primaryimage"},"image":{"@id":"https:\/\/kpdi.pl\/english\/blog\/2015\/07\/02\/niezlozenie-sprawozdania-finansowego\/#primaryimage"},"thumbnailUrl":"https:\/\/kpdi.pl\/english\/wp-content\/uploads\/sites\/4\/2015\/07\/law_post_3-compressor.jpg","datePublished":"2015-07-02T16:09:29+00:00","dateModified":"2018-05-04T12:11:28+00:00","author":{"@id":"https:\/\/kpdi.pl\/english\/#\/schema\/person\/0c7034aae897157862e4244c82e3ca05"},"description":"Niez\u0142o\u017cenie sprawozdania finansowego w przepisanym terminie mo\u017ce prowadzi\u0107 do istotnych konsekwencji - nawet zako\u0144czy\u0107 si\u0119 wyrokiem karnym. Jak si\u0119 przed nim broni\u0107?","breadcrumb":{"@id":"https:\/\/kpdi.pl\/english\/blog\/2015\/07\/02\/niezlozenie-sprawozdania-finansowego\/#breadcrumb"},"inLanguage":"en-US","potentialAction":[{"@type":"ReadAction","target":["https:\/\/kpdi.pl\/english\/blog\/2015\/07\/02\/niezlozenie-sprawozdania-finansowego\/"]}]},{"@type":"ImageObject","inLanguage":"en-US","@id":"https:\/\/kpdi.pl\/english\/blog\/2015\/07\/02\/niezlozenie-sprawozdania-finansowego\/#primaryimage","url":"https:\/\/kpdi.pl\/english\/wp-content\/uploads\/sites\/4\/2015\/07\/law_post_3-compressor.jpg","contentUrl":"https:\/\/kpdi.pl\/english\/wp-content\/uploads\/sites\/4\/2015\/07\/law_post_3-compressor.jpg","width":831,"height":550},{"@type":"BreadcrumbList","@id":"https:\/\/kpdi.pl\/english\/blog\/2015\/07\/02\/niezlozenie-sprawozdania-finansowego\/#breadcrumb","itemListElement":[{"@type":"ListItem","position":1,"name":"Strona g\u0142\u00f3wna","item":"https:\/\/kpdi.pl\/english\/"},{"@type":"ListItem","position":2,"name":"Niez\u0142o\u017cenie sprawozdania finansowego \u2013 k\u0142opotliwe przest\u0119pstwo."}]},{"@type":"WebSite","@id":"https:\/\/kpdi.pl\/english\/#website","url":"https:\/\/kpdi.pl\/english\/","name":"KPDI EN","description":"KPDI | Law Office Gda\u0144sk","potentialAction":[{"@type":"SearchAction","target":{"@type":"EntryPoint","urlTemplate":"https:\/\/kpdi.pl\/english\/?s={search_term_string}"},"query-input":{"@type":"PropertyValueSpecification","valueRequired":true,"valueName":"search_term_string"}}],"inLanguage":"en-US"},{"@type":"Person","@id":"https:\/\/kpdi.pl\/english\/#\/schema\/person\/0c7034aae897157862e4244c82e3ca05","name":"admin","image":{"@type":"ImageObject","inLanguage":"en-US","@id":"https:\/\/secure.gravatar.com\/avatar\/0f7d1b7923be2b89131cf446691a39766cf00bc4c097c3cf00a3e8482628d27e?s=96&d=mm&r=g","url":"https:\/\/secure.gravatar.com\/avatar\/0f7d1b7923be2b89131cf446691a39766cf00bc4c097c3cf00a3e8482628d27e?s=96&d=mm&r=g","contentUrl":"https:\/\/secure.gravatar.com\/avatar\/0f7d1b7923be2b89131cf446691a39766cf00bc4c097c3cf00a3e8482628d27e?s=96&d=mm&r=g","caption":"admin"},"url":"https:\/\/kpdi.pl\/english\/blog\/author\/admin\/"}]}},"_links":{"self":[{"href":"https:\/\/kpdi.pl\/english\/wp-json\/wp\/v2\/posts\/933","targetHints":{"allow":["GET"]}}],"collection":[{"href":"https:\/\/kpdi.pl\/english\/wp-json\/wp\/v2\/posts"}],"about":[{"href":"https:\/\/kpdi.pl\/english\/wp-json\/wp\/v2\/types\/post"}],"author":[{"embeddable":true,"href":"https:\/\/kpdi.pl\/english\/wp-json\/wp\/v2\/users\/1"}],"replies":[{"embeddable":true,"href":"https:\/\/kpdi.pl\/english\/wp-json\/wp\/v2\/comments?post=933"}],"version-history":[{"count":4,"href":"https:\/\/kpdi.pl\/english\/wp-json\/wp\/v2\/posts\/933\/revisions"}],"predecessor-version":[{"id":2007,"href":"https:\/\/kpdi.pl\/english\/wp-json\/wp\/v2\/posts\/933\/revisions\/2007"}],"wp:featuredmedia":[{"embeddable":true,"href":"https:\/\/kpdi.pl\/english\/wp-json\/wp\/v2\/media\/1046"}],"wp:attachment":[{"href":"https:\/\/kpdi.pl\/english\/wp-json\/wp\/v2\/media?parent=933"}],"wp:term":[{"taxonomy":"category","embeddable":true,"href":"https:\/\/kpdi.pl\/english\/wp-json\/wp\/v2\/categories?post=933"},{"taxonomy":"post_tag","embeddable":true,"href":"https:\/\/kpdi.pl\/english\/wp-json\/wp\/v2\/tags?post=933"}],"curies":[{"name":"wp","href":"https:\/\/api.w.org\/{rel}","templated":true}]}}